{"id":5722,"date":"2026-02-08T14:00:52","date_gmt":"2026-02-08T14:00:52","guid":{"rendered":"https:\/\/tmg.m-bildung.de\/?p=5722"},"modified":"2026-03-08T11:43:58","modified_gmt":"2026-03-08T11:43:58","slug":"5722","status":"publish","type":"post","link":"https:\/\/tmg.m-bildung.de\/?p=5722","title":{"rendered":"Requiem Resonanz \u2013 Mozart am TMG"},"content":{"rendered":"\n<figure class=\"wp-block-image size-large is-resized\"><img loading=\"lazy\" decoding=\"async\" width=\"725\" height=\"1024\" src=\"http:\/\/tmg.m-bildung.de\/wp-content\/uploads\/2026\/02\/Bildschirmfoto-2026-02-08-um-14.38.42-1-725x1024.png\" alt=\"\" class=\"wp-image-5724\" style=\"aspect-ratio:0.7127620982369586;width:392px;height:auto\"\/><\/figure>\n\n\n\n<p>Am Donnerstag, 26. M\u00e4rz, 19:00 Uhr l\u00e4dt die Musikfachschaft des TMG zu einem besonderen Konzert ein. Gemeinsam mit Solistinnen und Solisten, Orgel und einem Streichersemble der M\u00fcnchner Philharmoniker f\u00fchren Sch\u00fclerinnen und Sch\u00fcler sowie Mitwirkende aus der ganzen Schulfamilie Mozarts Requiem auf.<\/p>\n\n\n\n<p>Das Werk geh\u00f6rt zu den bedeutendsten Kompositionen der geistlichen Musik und verbindet eindrucksvolle Dramatik mit gro\u00dfer musikalischer Klarheit.<\/p>\n\n\n\n<p>Ort: Kirche St. Joachim, M\u00fcnchen<\/p>\n\n\n\n<p>Beginn: 19:00 Uhr<\/p>\n\n\n\n<p>Eintritt frei \u2013 um gro\u00dfz\u00fcgige Spenden wird gebeten.<\/p>\n\n\n\n<p>Wir freuen uns auf Ihren Besuch.<\/p>\n","protected":false},"excerpt":{"rendered":"<p>Am Donnerstag, 26. M\u00e4rz, 19:00 Uhr l\u00e4dt die Musikfachschaft des TMG zu einem besonderen Konzert ein. Gemeinsam mit Solistinnen und Solisten, Orgel und einem Streichersemble der M\u00fcnchner Philharmoniker f\u00fchren Sch\u00fclerinnen und Sch\u00fcler sowie Mitwirkende aus der ganzen Schulfamilie Mozarts Requiem &hellip; <a href=\"https:\/\/tmg.m-bildung.de\/?p=5722\">Weiterlesen <span class=\"meta-nav\">&rarr;<\/span><\/a><\/p>\n","protected":false},"author":1,"featured_media":0,"comment_status":"closed","ping_status":"open","sticky":false,"template":"","format":"standard","meta":{"footnotes":""},"categories":[1],"tags":[],"class_list":["post-5722","post","type-post","status-publish","format-standard","hentry","category-uncategorized"],"_links":{"self":[{"href":"https:\/\/tmg.m-bildung.de\/index.php?rest_route=\/wp\/v2\/posts\/5722","targetHints":{"allow":["GET"]}}],"collection":[{"href":"https:\/\/tmg.m-bildung.de\/index.php?rest_route=\/wp\/v2\/posts"}],"about":[{"href":"https:\/\/tmg.m-bildung.de\/index.php?rest_route=\/wp\/v2\/types\/post"}],"author":[{"embeddable":true,"href":"https:\/\/tmg.m-bildung.de\/index.php?rest_route=\/wp\/v2\/users\/1"}],"replies":[{"embeddable":true,"href":"https:\/\/tmg.m-bildung.de\/index.php?rest_route=%2Fwp%2Fv2%2Fcomments&post=5722"}],"version-history":[{"count":4,"href":"https:\/\/tmg.m-bildung.de\/index.php?rest_route=\/wp\/v2\/posts\/5722\/revisions"}],"predecessor-version":[{"id":5728,"href":"https:\/\/tmg.m-bildung.de\/index.php?rest_route=\/wp\/v2\/posts\/5722\/revisions\/5728"}],"wp:attachment":[{"href":"https:\/\/tmg.m-bildung.de\/index.php?rest_route=%2Fwp%2Fv2%2Fmedia&parent=5722"}],"wp:term":[{"taxonomy":"category","embeddable":true,"href":"https:\/\/tmg.m-bildung.de\/index.php?rest_route=%2Fwp%2Fv2%2Fcategories&post=5722"},{"taxonomy":"post_tag","embeddable":true,"href":"https:\/\/tmg.m-bildung.de\/index.php?rest_route=%2Fwp%2Fv2%2Ftags&post=5722"}],"curies":[{"name":"wp","href":"https:\/\/api.w.org\/{rel}","templated":true}]}}