{"id":5645,"date":"2026-01-18T13:28:22","date_gmt":"2026-01-18T13:28:22","guid":{"rendered":"https:\/\/tmg.m-bildung.de\/?p=5645"},"modified":"2026-01-18T13:28:22","modified_gmt":"2026-01-18T13:28:22","slug":"mint-power-im-advent-koelner-schuelerinnen-zu-gast-in-muenchen","status":"publish","type":"post","link":"https:\/\/tmg.m-bildung.de\/?p=5645","title":{"rendered":"MINT-Power im Advent: K\u00f6lner Sch\u00fclerinnen zu Gast in M\u00fcnchen"},"content":{"rendered":"\n<p><strong>Genau einen Monat vor Weihnachten war es so weit: Wir durften zwanzig Austauschsch\u00fclerinnen unserer K\u00f6lner Partnerschule, dem Ursulinengymnasium, am TMG begr\u00fc\u00dfen.<\/strong><\/p>\n\n\n\n<p>Der Austausch stand ganz im Zeichen von MINT (Mathematik, Informatik, Naturwissenschaft und Technik) und bot den Sch\u00fclerinnen beider Schulen eine Woche voller praktischer Einblicke und spannender Begegnungen.<\/p>\n\n\n\n<p><strong>Von High-Tech-Mikroskopen bis zur virtuellen Realit\u00e4t<\/strong><\/p>\n\n\n\n<p>Der Dienstag f\u00fchrte die Gruppe zu <strong>Zeiss<\/strong>. Bei einer umfangreichen Betriebsbesichtigung konnten die M\u00e4dels modernste Mikroskope f\u00fcr Wissenschaft und Medizin entdecken. Ein besonderes Highlight war der Einsatz von <strong>VR-Brillen<\/strong>, mit denen sie in v\u00f6llig neue digitale Welten eintauchten.<\/p>\n\n\n\n<p>Neben der Technik beeindruckten vor allem die pers\u00f6nlichen Berichte: Miriam Graissmaier und Daniela Topp erz\u00e4hlten von ihren eigenen Werdeg\u00e4ngen und zeigten auf, welche spannenden Karrierewege Frauen in der MINT-Welt offenstehen.<\/p>\n\n\n\n<p><strong>Gemeinsame Mission: Der MINT-Adventskalender<\/strong><\/p>\n\n\n\n<p>Ab Mittwoch stand die Projektarbeit im Fokus: Die Entwicklung der <strong>\u201eMINT-Mission im Advent 3.0\u201c<\/strong>. Dieser digitale Adventskalender ist ein Gemeinschaftsprojekt beider Schulen.<\/p>\n\n\n\n<ul class=\"wp-block-list\">\n<li><strong>Praxis-Check:<\/strong> Auf dem Adventsmarkt des TMG konnten die Besucher an einer R\u00e4tselstation schon einmal f\u00fcr die MINT-Mission \u00fcben.<\/li>\n\n\n\n<li><strong>Inspiration:<\/strong> Ein Besuch im <strong>Deutschen Museum<\/strong> am Donnerstag lieferte zus\u00e4tzliche technische Ideen f\u00fcr die R\u00e4tsel und Aufgaben des Kalenders.<\/li>\n<\/ul>\n\n\n\n<p><strong>MINT im Ehrenamt und bayerischer Schulalltag<\/strong><\/p>\n\n\n\n<p>Nat\u00fcrlich kam auch das kulturelle Erleben nicht zu kurz. Die K\u00f6lnerinnen schnupperten in den bayerischen Unterricht hinein und erkundeten bei einer abendlichen Rallye die M\u00fcnchner Altstadt.<\/p>\n\n\n\n<p>Ein besonderer Programmpunkt war der Besuch bei der <strong>Freiwilligen Feuerwehr M\u00fcnchen (Abteilung Forstenried)<\/strong>. Hier lernten die Sch\u00fclerinnen, wie viel MINT im Ehrenamt steckt, und konnten bei spannenden Feuerexperimenten selbst aktiv werden.<\/p>\n\n\n\n<p><strong>Ein herzliches Dankesch\u00f6n<\/strong><\/p>\n\n\n\n<p>Nach einer intensiven Woche wurde die MINT-Mission am Freitag finalisiert und mit einem gro\u00dfen gemeinsamen Waffelbacken gefeiert. Am Samstagmorgen hie\u00df es dann schlie\u00dflich: \u201eAbschied nehmen\u201c.<\/p>\n\n\n\n<p><strong>Wir bedanken uns ganz herzlich bei:<\/strong><\/p>\n\n\n\n<ul class=\"wp-block-list\">\n<li>Den <strong>M\u00fcnchner Gastfamilien<\/strong> f\u00fcr die herzliche Aufnahme.<\/li>\n\n\n\n<li>Den K\u00f6lner Lehrkr\u00e4ften <strong>Frau van Heek und Herrn Servos<\/strong> f\u00fcr ihr gro\u00dfes Engagement.<\/li>\n<\/ul>\n\n\n\n<p>Wir freuen uns schon jetzt auf den Gegenbesuch: <strong>Bis im Februar in K\u00f6ln!<\/strong><\/p>\n\n\n\n<p><em>Karolin Dautermann<\/em> <em>(MINT-Beauftragte)<\/em><\/p>\n\n\n\n<p><em>*Dieser Artikel wurde mit Unterst\u00fctzung von KI-Technologie lektoriert und optimiert.<\/em><\/p>\n\n\n\n<figure class=\"wp-block-image size-large\"><img loading=\"lazy\" decoding=\"async\" width=\"1024\" height=\"768\" src=\"https:\/\/tmg.m-bildung.de\/wp-content\/uploads\/2026\/01\/MINT-Austausch-1-1024x768.jpg\" alt=\"\" class=\"wp-image-5647\" srcset=\"https:\/\/tmg.m-bildung.de\/wp-content\/uploads\/2026\/01\/MINT-Austausch-1-1024x768.jpg 1024w, https:\/\/tmg.m-bildung.de\/wp-content\/uploads\/2026\/01\/MINT-Austausch-1-300x225.jpg 300w, https:\/\/tmg.m-bildung.de\/wp-content\/uploads\/2026\/01\/MINT-Austausch-1-768x576.jpg 768w, https:\/\/tmg.m-bildung.de\/wp-content\/uploads\/2026\/01\/MINT-Austausch-1-1536x1152.jpg 1536w, https:\/\/tmg.m-bildung.de\/wp-content\/uploads\/2026\/01\/MINT-Austausch-1-2048x1536.jpg 2048w, https:\/\/tmg.m-bildung.de\/wp-content\/uploads\/2026\/01\/MINT-Austausch-1-400x300.jpg 400w\" sizes=\"auto, (max-width: 1024px) 100vw, 1024px\" \/><\/figure>\n\n\n\n<figure class=\"wp-block-image size-large\"><img loading=\"lazy\" decoding=\"async\" width=\"1024\" height=\"768\" src=\"https:\/\/tmg.m-bildung.de\/wp-content\/uploads\/2026\/01\/MINT-Austausch-2-1024x768.jpg\" alt=\"\" class=\"wp-image-5649\" srcset=\"https:\/\/tmg.m-bildung.de\/wp-content\/uploads\/2026\/01\/MINT-Austausch-2-1024x768.jpg 1024w, https:\/\/tmg.m-bildung.de\/wp-content\/uploads\/2026\/01\/MINT-Austausch-2-300x225.jpg 300w, https:\/\/tmg.m-bildung.de\/wp-content\/uploads\/2026\/01\/MINT-Austausch-2-768x576.jpg 768w, https:\/\/tmg.m-bildung.de\/wp-content\/uploads\/2026\/01\/MINT-Austausch-2-1536x1152.jpg 1536w, https:\/\/tmg.m-bildung.de\/wp-content\/uploads\/2026\/01\/MINT-Austausch-2-2048x1536.jpg 2048w, https:\/\/tmg.m-bildung.de\/wp-content\/uploads\/2026\/01\/MINT-Austausch-2-400x300.jpg 400w\" sizes=\"auto, (max-width: 1024px) 100vw, 1024px\" \/><\/figure>\n\n\n\n<figure class=\"wp-block-image size-full\"><img loading=\"lazy\" decoding=\"async\" width=\"774\" height=\"1025\" src=\"https:\/\/tmg.m-bildung.de\/wp-content\/uploads\/2026\/01\/MINT-Austausch-1.jpeg\" alt=\"\" class=\"wp-image-5646\" srcset=\"https:\/\/tmg.m-bildung.de\/wp-content\/uploads\/2026\/01\/MINT-Austausch-1.jpeg 774w, https:\/\/tmg.m-bildung.de\/wp-content\/uploads\/2026\/01\/MINT-Austausch-1-227x300.jpeg 227w, https:\/\/tmg.m-bildung.de\/wp-content\/uploads\/2026\/01\/MINT-Austausch-1-768x1017.jpeg 768w\" sizes=\"auto, (max-width: 774px) 100vw, 774px\" \/><\/figure>\n\n\n\n<p>\u00a9 Romina van Heek<\/p>\n","protected":false},"excerpt":{"rendered":"<p>Genau einen Monat vor Weihnachten war es so weit: Wir durften zwanzig Austauschsch\u00fclerinnen unserer K\u00f6lner Partnerschule, dem Ursulinengymnasium, am TMG begr\u00fc\u00dfen. Der Austausch stand ganz im Zeichen von MINT (Mathematik, Informatik, Naturwissenschaft und Technik) und bot den Sch\u00fclerinnen beider Schulen &hellip; <a href=\"https:\/\/tmg.m-bildung.de\/?p=5645\">Weiterlesen <span class=\"meta-nav\">&rarr;<\/span><\/a><\/p>\n","protected":false},"author":1,"featured_media":0,"comment_status":"closed","ping_status":"open","sticky":false,"template":"","format":"standard","meta":{"footnotes":""},"categories":[1],"tags":[],"class_list":["post-5645","post","type-post","status-publish","format-standard","hentry","category-uncategorized"],"_links":{"self":[{"href":"https:\/\/tmg.m-bildung.de\/index.php?rest_route=\/wp\/v2\/posts\/5645","targetHints":{"allow":["GET"]}}],"collection":[{"href":"https:\/\/tmg.m-bildung.de\/index.php?rest_route=\/wp\/v2\/posts"}],"about":[{"href":"https:\/\/tmg.m-bildung.de\/index.php?rest_route=\/wp\/v2\/types\/post"}],"author":[{"embeddable":true,"href":"https:\/\/tmg.m-bildung.de\/index.php?rest_route=\/wp\/v2\/users\/1"}],"replies":[{"embeddable":true,"href":"https:\/\/tmg.m-bildung.de\/index.php?rest_route=%2Fwp%2Fv2%2Fcomments&post=5645"}],"version-history":[{"count":1,"href":"https:\/\/tmg.m-bildung.de\/index.php?rest_route=\/wp\/v2\/posts\/5645\/revisions"}],"predecessor-version":[{"id":5650,"href":"https:\/\/tmg.m-bildung.de\/index.php?rest_route=\/wp\/v2\/posts\/5645\/revisions\/5650"}],"wp:attachment":[{"href":"https:\/\/tmg.m-bildung.de\/index.php?rest_route=%2Fwp%2Fv2%2Fmedia&parent=5645"}],"wp:term":[{"taxonomy":"category","embeddable":true,"href":"https:\/\/tmg.m-bildung.de\/index.php?rest_route=%2Fwp%2Fv2%2Fcategories&post=5645"},{"taxonomy":"post_tag","embeddable":true,"href":"https:\/\/tmg.m-bildung.de\/index.php?rest_route=%2Fwp%2Fv2%2Ftags&post=5645"}],"curies":[{"name":"wp","href":"https:\/\/api.w.org\/{rel}","templated":true}]}}