{"id":5173,"date":"2025-07-30T21:07:03","date_gmt":"2025-07-30T19:07:03","guid":{"rendered":"https:\/\/tmg.musin.de\/?p=5173"},"modified":"2025-07-30T21:07:03","modified_gmt":"2025-07-30T19:07:03","slug":"junior-ingenieur-akademie","status":"publish","type":"post","link":"https:\/\/tmg.m-bildung.de\/?p=5173","title":{"rendered":"Junior-Ingenieur-Akademie"},"content":{"rendered":"<div><a href=\"https:\/\/tmg.m-bildung.de\/2025\/07\/30\/junior-ingenieur-akademie\/deutsche-telekom-stiftung-jia-jahrestagung-2025-erfurt-23-05-2025\/\" rel=\"attachment wp-att-5175\"><img loading=\"lazy\" decoding=\"async\" class=\"alignnone size-large wp-image-5175\" src=\"https:\/\/tmg.m-bildung.de\/wp-content\/uploads\/2025\/07\/5719-1-1-1024x683.jpg\" alt=\"\" width=\"584\" height=\"390\" \/><\/a><\/div>\n<h3><strong><em>\u00a9Deutsche Telekom Stiftung \/ Stefan Hoyer\/PUNCTUM<\/em><\/strong><\/h3>\n<div>Erfreulicherweise wurde unsere Bewerbung f\u00fcr eine eigene Junior-Ingenieur-Akademie von der Deutschen Telekom Stiftung angenommen. Somit ist das TMG nun Teil des JIA-Netzwerks und wir d\u00fcrfen ab kommendem Schuljahr unsere eigene Junior-Ingenieur-Akademie f\u00fcr interessierte Achtkl\u00e4ssler*innen anbieten. Finanzielle und fachliche Unterst\u00fctzung erhalten wir hierbei von der Deutschen Telekomstiftung.<\/div>\n<div><\/div>\n<p><!--more--><\/p>\n<div>Diese wird von vier Lehrkr\u00e4ften und der Unterst\u00fctzung unserer Kooperationsunternehmen gehalten und geht \u00fcber zwei Schuljahre. Die Sch\u00fcler*innen erhalten viele Einblicke in verschiedene Ingenieurberufe. Vor allem aber schnuppern sie selbst Ingenieurluft und entwickeln ein Funktionsmodell ihrer Wahl.<\/div>\n<div>Das erste Halbjahr wird sich um Mikroskopie drehen. Dank unseres Nachbarn, der Firma Zeiss, haben wir die M\u00f6glichkeit ganz unterschiedliche Mikroskope auf Herz und Nieren zu testen und Einblicke ins ganz kleine zu gewinnen. Das wollen wir im zweiten Halbjahr gro\u00df werden lassen und per CAD am Computer als 3D-Modell zeichnen. Im dritten Halbjahr wird das Objekt an unseren schuleigenen 3D-Druckern gedruckt und letztlich mittels Arduino Programmierung als Funktionsmodell zum Leben erweckt.<\/div>\n<div><\/div>\n<div><em><strong>Plakat 4 Halbjahre<\/strong><\/em><\/div>\n<div><\/div>\n<div>Eine Vernetzung und eigene JIA-Tage mit den umliegenden Schulen, welche eine JIA haben, sind ebenfalls Teil des Programms.<\/div>\n<div>Wir freuen uns auf reges Interesse und sind schon sehr gespannt auf dieses interessante Projekt.<\/div>\n<div><\/div>\n<div>Karolin Dautermann<\/div>\n<div>MINT-Koordination<\/div>\n","protected":false},"excerpt":{"rendered":"<p>\u00a9Deutsche Telekom Stiftung \/ Stefan Hoyer\/PUNCTUM Erfreulicherweise wurde unsere Bewerbung f\u00fcr eine eigene Junior-Ingenieur-Akademie von der Deutschen Telekom Stiftung angenommen. Somit ist das TMG nun Teil des JIA-Netzwerks und wir d\u00fcrfen ab kommendem Schuljahr unsere eigene Junior-Ingenieur-Akademie f\u00fcr interessierte Achtkl\u00e4ssler*innen &hellip; <a href=\"https:\/\/tmg.m-bildung.de\/?p=5173\">Weiterlesen <span class=\"meta-nav\">&rarr;<\/span><\/a><\/p>\n","protected":false},"author":1,"featured_media":0,"comment_status":"closed","ping_status":"closed","sticky":false,"template":"","format":"standard","meta":{"footnotes":""},"categories":[3],"tags":[],"class_list":["post-5173","post","type-post","status-publish","format-standard","hentry","category-allgemein"],"_links":{"self":[{"href":"https:\/\/tmg.m-bildung.de\/index.php?rest_route=\/wp\/v2\/posts\/5173","targetHints":{"allow":["GET"]}}],"collection":[{"href":"https:\/\/tmg.m-bildung.de\/index.php?rest_route=\/wp\/v2\/posts"}],"about":[{"href":"https:\/\/tmg.m-bildung.de\/index.php?rest_route=\/wp\/v2\/types\/post"}],"author":[{"embeddable":true,"href":"https:\/\/tmg.m-bildung.de\/index.php?rest_route=\/wp\/v2\/users\/1"}],"replies":[{"embeddable":true,"href":"https:\/\/tmg.m-bildung.de\/index.php?rest_route=%2Fwp%2Fv2%2Fcomments&post=5173"}],"version-history":[{"count":0,"href":"https:\/\/tmg.m-bildung.de\/index.php?rest_route=\/wp\/v2\/posts\/5173\/revisions"}],"wp:attachment":[{"href":"https:\/\/tmg.m-bildung.de\/index.php?rest_route=%2Fwp%2Fv2%2Fmedia&parent=5173"}],"wp:term":[{"taxonomy":"category","embeddable":true,"href":"https:\/\/tmg.m-bildung.de\/index.php?rest_route=%2Fwp%2Fv2%2Fcategories&post=5173"},{"taxonomy":"post_tag","embeddable":true,"href":"https:\/\/tmg.m-bildung.de\/index.php?rest_route=%2Fwp%2Fv2%2Ftags&post=5173"}],"curies":[{"name":"wp","href":"https:\/\/api.w.org\/{rel}","templated":true}]}}